{"id":3189,"date":"2021-01-29T22:47:45","date_gmt":"2021-01-29T21:47:45","guid":{"rendered":"https:\/\/maisonnormande.boutique\/?p=3189"},"modified":"2021-05-08T23:30:29","modified_gmt":"2021-05-08T21:30:29","slug":"realisation-maison-normande-home-decor-pour-barbara-spence-interiors-london","status":"publish","type":"post","link":"https:\/\/maisonnormande.boutique\/es_uy\/realisation-maison-normande-home-decor-pour-barbara-spence-interiors-london\/","title":{"rendered":"CREACI\u00d3N DE DECORACI\u00d3N DEL HOGAR DE NORMAN HOUSE PARA BARBARA SPENCE INTERIORS - LONDRES"},"content":{"rendered":"<p><\/p>\n\n\n\n<div class=\"wp-block-image\"><figure class=\"aligncenter size-large is-resized\"><img loading=\"lazy\" decoding=\"async\" src=\"https:\/\/maisonnormande.boutique\/wp-content\/uploads\/2021\/01\/IMG-8057-resized-768x1024.jpeg\" alt=\"R\u00e9alisation Maison Normande pour Barbara Spence Interiors - London\" class=\"wp-image-3190\" width=\"760\" height=\"1013\" srcset=\"https:\/\/maisonnormande.boutique\/wp-content\/uploads\/2021\/01\/IMG-8057-resized-768x1024.jpeg 768w, https:\/\/maisonnormande.boutique\/wp-content\/uploads\/2021\/01\/IMG-8057-resized-416x555.jpeg 416w, https:\/\/maisonnormande.boutique\/wp-content\/uploads\/2021\/01\/IMG-8057-resized-225x300.jpeg 225w, https:\/\/maisonnormande.boutique\/wp-content\/uploads\/2021\/01\/IMG-8057-resized-9x12.jpeg 9w, https:\/\/maisonnormande.boutique\/wp-content\/uploads\/2021\/01\/IMG-8057-resized.jpeg 900w\" sizes=\"auto, (max-width: 760px) 100vw, 760px\" \/><figcaption>Realizaci\u00f3n <strong><em>CASA NORMANDIA<\/em><\/strong> <strong><em>DECORACI\u00d3N DEL HOGAR<\/em><\/strong> \u2013 Cortina de doble forro con acabado de cabezal flamenco de 2 capas para <strong><em>BARBARA SPENCE INTERIORES<\/em> \u2013 LONDRES<\/strong><\/figcaption><\/figure><\/div>\n\n\n\n<p class=\"has-text-align-left\">Las cortinas visten tus ventanas y aportan un toque personal a tu interior.<\/p>\n\n\n\n<p><strong><em>CASA NORMANDIA<\/em><\/strong> <strong><em>DECORACI\u00d3N DEL HOGAR<\/em><\/strong> Estaremos encantados de realizar tus cortinas y\/o estores a medida y guiarte en tu elecci\u00f3n seg\u00fan tu estilo de decoraci\u00f3n.<\/p>\n\n\n\n<figure class=\"wp-block-gallery aligncenter columns-2 is-cropped wp-block-gallery-2 is-layout-flex wp-block-gallery-is-layout-flex\"><ul class=\"blocks-gallery-grid\"><li class=\"blocks-gallery-item\"><figure><img loading=\"lazy\" decoding=\"async\" width=\"768\" height=\"1024\" src=\"https:\/\/maisonnormande.boutique\/wp-content\/uploads\/2021\/01\/IMG-8054-resized-768x1024.jpeg\" alt=\"\" data-id=\"3191\" data-link=\"https:\/\/maisonnormande.boutique\/?attachment_id=3191\" class=\"wp-image-3191\" srcset=\"https:\/\/maisonnormande.boutique\/wp-content\/uploads\/2021\/01\/IMG-8054-resized-768x1024.jpeg 768w, https:\/\/maisonnormande.boutique\/wp-content\/uploads\/2021\/01\/IMG-8054-resized-416x555.jpeg 416w, https:\/\/maisonnormande.boutique\/wp-content\/uploads\/2021\/01\/IMG-8054-resized-225x300.jpeg 225w, https:\/\/maisonnormande.boutique\/wp-content\/uploads\/2021\/01\/IMG-8054-resized-9x12.jpeg 9w, https:\/\/maisonnormande.boutique\/wp-content\/uploads\/2021\/01\/IMG-8054-resized.jpeg 900w\" sizes=\"auto, (max-width: 768px) 100vw, 768px\" \/><figcaption class=\"blocks-gallery-item__caption\">por <em><strong>CASA NORMANDIA<\/strong><\/em> DECORACI\u00d3N DEL HOGAR<\/figcaption><\/figure><\/li><li class=\"blocks-gallery-item\"><figure><img loading=\"lazy\" decoding=\"async\" width=\"768\" height=\"1024\" src=\"https:\/\/maisonnormande.boutique\/wp-content\/uploads\/2021\/01\/IMG-8069-resized-768x1024.jpeg\" alt=\"\" data-id=\"3192\" data-full-url=\"https:\/\/maisonnormande.boutique\/wp-content\/uploads\/2021\/01\/IMG-8069-resized.jpeg\" data-link=\"https:\/\/maisonnormande.boutique\/?attachment_id=3192\" class=\"wp-image-3192\" srcset=\"https:\/\/maisonnormande.boutique\/wp-content\/uploads\/2021\/01\/IMG-8069-resized-768x1024.jpeg 768w, https:\/\/maisonnormande.boutique\/wp-content\/uploads\/2021\/01\/IMG-8069-resized-416x555.jpeg 416w, https:\/\/maisonnormande.boutique\/wp-content\/uploads\/2021\/01\/IMG-8069-resized-225x300.jpeg 225w, https:\/\/maisonnormande.boutique\/wp-content\/uploads\/2021\/01\/IMG-8069-resized-9x12.jpeg 9w, https:\/\/maisonnormande.boutique\/wp-content\/uploads\/2021\/01\/IMG-8069-resized.jpeg 900w\" sizes=\"auto, (max-width: 768px) 100vw, 768px\" \/><figcaption class=\"blocks-gallery-item__caption\">Por <em><strong>CASA NORMANDIA<\/strong><\/em> DECORACI\u00d3N DEL HOGAR<\/figcaption><\/figure><\/li><\/ul><figcaption class=\"blocks-gallery-caption\">Cortinas de doble forro con acabado de cabezal flamenco de 2 capas para <strong><em>BARBARA SPENCE INTERIORES<\/em> \u2013 LONDRES<\/strong><\/figcaption><\/figure>\n\n\n\n<p class=\"has-drop-cap\">No dudes en visitar nuestra tienda online <strong><span style=\"color:#5188a6\" class=\"has-inline-color\">www.maisonnormande.boutique<\/span><\/strong> donde encontrar\u00e1 una gran selecci\u00f3n de tejidos de lino franc\u00e9s de la m\u00e1s alta calidad.<\/p>\n\n\n\n<p>Por supuesto, si quieres hacer tus propias cortinas, <strong><em>CASA NORMANDIA<\/em><\/strong> <em><strong>DECORACI\u00d3N DEL HOGAR <\/strong><\/em> Le asesorar\u00e1, en sesiones de 3 horas* con cita previa, sobre el estilo a adoptar, c\u00f3mo medir, calcular el metraje, etc., y as\u00ed ayudarle a completar su proyecto.<\/p>\n\n\n\n<p>Puede ponerse en contacto con nosotros por correo electr\u00f3nico:<span style=\"color:#5188a6\" class=\"has-inline-color\"> contact@maisonnormande.boutique<\/span><\/p>\n\n\n\n<p><\/p>\n\n\n\n<p><\/p>\n\n\n\n<ul class=\"wp-block-list\"><li>sesi\u00f3n el s\u00e1bado por la tarde de 14 a 17 horas en el Showroom de MAISON NORMANDE HOME DECOR \u2013 46 rue de la Lib\u00e9ration \u2013 76680 MAUCOMBLE<\/li><li>90\u20ac IVA incluido por sesi\u00f3n\/persona<\/li><li>2 personas m\u00e1ximo\/sesi\u00f3n<\/li><li>Pago 50% al realizar la reserva, no reembolsable en caso de cancelaci\u00f3n<\/li><li>Para cualquier compra de tela <em><strong>CASA NORMANDIA<\/strong><\/em> <strong><em>DECORACI\u00d3N DEL HOGAR<\/em><\/strong>, se le conceder\u00e1 un descuento de 5% sobre el precio por metro mediante un c\u00f3digo promocional especial comunicado durante la sesi\u00f3n.<\/li><\/ul>\n\n\n\n<p><\/p>\n\n\n\n<p><\/p>","protected":false},"excerpt":{"rendered":"<p>Les rideaux habillent vos fen\u00eatres et apportent une touche personnelle \u00e0 votre int\u00e9rieur. MAISON NORMANDE HOME DECOR sera tr\u00e8s heureux de confectionner vos rideaux et\/ou stores sur-mesure et vous guider dans votre choix selon votre style de d\u00e9coration. N&#8217;h\u00e9sitez pas \u00e0 visiter notre boutique en ligne www.maisonnormande.boutique o\u00f9 vous trouverez un grand choix de tissus [&hellip;]<\/p>\n","protected":false},"author":7,"featured_media":3190,"comment_status":"open","ping_status":"open","sticky":true,"template":"","format":"standard","meta":{"footnotes":""},"categories":[235,49],"tags":[],"class_list":["post-3189","post","type-post","status-publish","format-standard","has-post-thumbnail","hentry","category-rideaux","category-blog"],"_links":{"self":[{"href":"https:\/\/maisonnormande.boutique\/es_uy\/wp-json\/wp\/v2\/posts\/3189","targetHints":{"allow":["GET"]}}],"collection":[{"href":"https:\/\/maisonnormande.boutique\/es_uy\/wp-json\/wp\/v2\/posts"}],"about":[{"href":"https:\/\/maisonnormande.boutique\/es_uy\/wp-json\/wp\/v2\/types\/post"}],"author":[{"embeddable":true,"href":"https:\/\/maisonnormande.boutique\/es_uy\/wp-json\/wp\/v2\/users\/7"}],"replies":[{"embeddable":true,"href":"https:\/\/maisonnormande.boutique\/es_uy\/wp-json\/wp\/v2\/comments?post=3189"}],"version-history":[{"count":0,"href":"https:\/\/maisonnormande.boutique\/es_uy\/wp-json\/wp\/v2\/posts\/3189\/revisions"}],"wp:featuredmedia":[{"embeddable":true,"href":"https:\/\/maisonnormande.boutique\/es_uy\/wp-json\/wp\/v2\/media\/3190"}],"wp:attachment":[{"href":"https:\/\/maisonnormande.boutique\/es_uy\/wp-json\/wp\/v2\/media?parent=3189"}],"wp:term":[{"taxonomy":"category","embeddable":true,"href":"https:\/\/maisonnormande.boutique\/es_uy\/wp-json\/wp\/v2\/categories?post=3189"},{"taxonomy":"post_tag","embeddable":true,"href":"https:\/\/maisonnormande.boutique\/es_uy\/wp-json\/wp\/v2\/tags?post=3189"}],"curies":[{"name":"wp","href":"https:\/\/api.w.org\/{rel}","templated":true}]}}